{"id":29527,"date":"2025-04-11T09:05:43","date_gmt":"2025-04-11T07:05:43","guid":{"rendered":"https:\/\/cfcstuttgart.org\/?p=29527"},"modified":"2025-04-11T09:10:04","modified_gmt":"2025-04-11T07:10:04","slug":"why-does-our-pastor-wear-a-geneva-robe","status":"publish","type":"post","link":"https:\/\/cfcstuttgart.org\/de\/why-does-our-pastor-wear-a-geneva-robe\/","title":{"rendered":"Warum tr\u00e4gt unser Pastor eine Genfer Robe?"},"content":{"rendered":"<p>Sie kennen wahrscheinlich die Redewendung \u201eKleide dich f\u00fcr den Job, den du haben willst, nicht f\u00fcr den, den du hast\u201c. Die Art, wie wir uns kleiden, sagt etwas \u00fcber unsere Pers\u00f6nlichkeit, unseren Charakter und sogar \u00fcber unseren Beruf aus. Stellen Sie sich vor, Sie gehen die K\u00f6nigstra\u00dfe in Stuttgart entlang. Sie sehen einen jungen Mann in einem Anzug, mit frisch geputzten Anzugschuhen, einer schicken Rolex-Uhr und einer Aktentasche. Es w\u00e4re absurd anzunehmen, dass dieser Mann auf dem Weg zu McDonald's ist, um Burger zu braten, obwohl das nat\u00fcrlich m\u00f6glich w\u00e4re. Nichtsdestotrotz sagt unsere Kleidung etwas \u00fcber uns aus.<\/p>\n\n\n\n<p>In der modernen evangelikalen Kirche ist die Kleidung eines Pastors ein Streitpunkt zwischen den Anh\u00e4ngern eines bibeltreuen Gottesdienstes und den Anh\u00e4ngern eines \u201emodernen\u201c Ansatzes. So hat beispielsweise ein beliebter Instagram-Account mit dem treffenden Namen \u201ePreachersNSneakers\u201c (Prediger und Sneaker) an Popularit\u00e4t gewonnen, indem er Bilder von charismatischen, beliebten \u201ePredigern\u201c in hochwertiger Kleidung ver\u00f6ffentlicht. Eine bestimmte Person, die hier ungenannt bleiben soll, trug an einem Sonntag einen knallpinken Pullover, der im Einzelhandel 1.950 Dollar kostete! Oft verk\u00fcnden diese Personen das sogenannte \u201eWohlstandsevangelium\u201c (das \u00fcberhaupt kein Evangelium ist). Das Wohlstandsevangelium basiert auf gro\u00dfz\u00fcgigen Spenden der Gemeindemitglieder, um den finanziellen Wohlstand des Predigers unter dem Vorwand, von Gott gesegnet zu sein, zu f\u00f6rdern \u2013 aber das ist ein Thema f\u00fcr einen anderen Tag.<\/p>\n\n\n\n<p>Warum all die Aufregung um Kleidung und was Menschen tragen? Dieser Kontext hilft zu verstehen, warum die Genfer Robe Teil der reformierten Tradition im Gottesdienst ist. Der Mittelpunkt des Gottesdienstes ist Gott. Der reformierte Gottesdienst ist in erster Linie auf den dreieinigen Gott ausgerichtet, den Vater, den Sohn und den Heiligen Geist. Ebenso steht Gottes Wort im Mittelpunkt des Gottesdienstes. Das Wort wird w\u00e4hrend des gesamten Gottesdienstes gepredigt, gebetet, gesungen, gelesen und genutzt. Nicht der Mensch steht im Mittelpunkt, sondern Gott. Deshalb bedeckt die Genfer Robe den Pastor, um eine klare Botschaft zu vermitteln: \u201eDie Predigt, der Gottesdienst oder der Gesang handelt nicht vom Pastor, sondern ausschlie\u00dflich von Gott dem Vater, Gott dem Sohn und Gott dem Heiligen Geist.\u201c Eine hohe Sicht auf Gott f\u00fchrt nat\u00fcrlich zu einer hohen Sicht auf den Gottesdienst.<\/p>\n\n\n\n<p>Ein weiterer wichtiger Grund f\u00fcr die Genfer Robe ist eine Reaktion gegen das Papsttum (die r\u00f6misch-katholische Kirche). Ich habe k\u00fcrzlich an einem reformierten Kolloquium in Budapest, Ungarn, teilgenommen. Vor der Konferenz besuchte ich die St.-Stephans-Basilika. Im Inneren gab es Nebenr\u00e4ume, die einigen ehemaligen Priestern gewidmet waren, die dort gedient hatten. Ihre wundersch\u00f6nen Gew\u00e4nder waren hinter Glas ausgestellt, oft mit Darstellungen der Kreuzigung oder einem gro\u00dfen Kreuz auf dem R\u00fccken. Die Gew\u00e4nder waren mit Gold, Edelsteinen und bunten Stoffen verziert. Obwohl ich ablehne, wof\u00fcr Rom steht, war ich fasziniert von dem Design und der Sorgfalt, mit der diese wundersch\u00f6nen Gew\u00e4nder hergestellt wurden. Allerdings kam mir auch ein anderer Gedanke: \u201eWas w\u00e4re, wenn das Geld, das die Gemeindemitglieder spenden, statt f\u00fcr diese Gew\u00e4nder f\u00fcr karitative Dienste, die Gr\u00fcndung neuer Gemeinden oder die J\u00fcngerschaft verwendet w\u00fcrde?\u201c Darin liegt der grundlegende Unterschied zwischen dem reformierten Gottesdienst und anderen Formen, sowohl der r\u00f6misch-katholischen als auch der modernen evangelikalen, denn der Fokus liegt darauf, wie der Geistliche aussieht (obwohl es weit hergeholt ist, Priester als Diener des Evangeliums zu bezeichnen).<\/p>\n\n\n\n<p>Wir tragen die Genfer Robe nicht, um \u201epuritanischer\u201c zu wirken, und sie ist auch nicht per se traditionell. Vielmehr sollte sich die Gemeinde darauf konzentrieren, das Wort Gottes aufzunehmen, und nicht auf das Aussehen des Predigers. Der Prediger sollte sich ebenfalls nicht mit oberfl\u00e4chlichen, verg\u00e4nglichen Dingen wie der Frage besch\u00e4ftigen, was er anziehen soll oder wie er aussehen soll (vgl. Matth\u00e4us 6,25-33). Er sollte sich darum bem\u00fchen, das Wort Gottes treu zu verk\u00fcnden und es auf die Herzen der Zuh\u00f6rer anzuwenden, damit sie durch die Kraft des Heiligen Geistes in ihnen zur Reife gelangen und sich dem Bild Jesu Christi, ihrem einzigen Trost im Leben und im Tod, angleichen, zur Ehre Gottes, des Vaters.<\/p>\n\n\n\n<p>Eine ausf\u00fchrlichere und tiefergehende Behandlung dieses Themas finden Sie in dem Artikel von Dr. C. Matthew McMahon. <a href=\"https:\/\/www.apuritansmind.com\/puritan-worship\/why-a-genevan-robe-by-dr-c-matthew-mcmahon\/\">article<\/a>. <\/p>","protected":false},"excerpt":{"rendered":"<p>You have probably heard the idiom, \u201cDress for the job you want, not the job you have.\u201d The way we dress says something about our personality, character, and even our job. Imagine if you will, walking down K\u00f6nigstra\u00dfe in Stuttgart. You see a young man in a full suit, freshly polished dress shoes, a nice [&hellip;]<\/p>","protected":false},"author":7,"featured_media":29529,"comment_status":"closed","ping_status":"closed","sticky":false,"template":"","format":"standard","meta":{"_seopress_robots_primary_cat":"none","_seopress_titles_title":"","_seopress_titles_desc":"","_seopress_robots_index":"","footnotes":""},"categories":[45],"tags":[123,125,124,122,126,127],"class_list":["post-29527","post","type-post","status-publish","format-standard","has-post-thumbnail","hentry","category-articles","tag-geneva","tag-geneva-gown","tag-geneva-robe","tag-reformed-theology","tag-regulative-principle-of-worship","tag-westminster-standards"],"blocksy_meta":[],"_links":{"self":[{"href":"https:\/\/cfcstuttgart.org\/de\/wp-json\/wp\/v2\/posts\/29527","targetHints":{"allow":["GET"]}}],"collection":[{"href":"https:\/\/cfcstuttgart.org\/de\/wp-json\/wp\/v2\/posts"}],"about":[{"href":"https:\/\/cfcstuttgart.org\/de\/wp-json\/wp\/v2\/types\/post"}],"author":[{"embeddable":true,"href":"https:\/\/cfcstuttgart.org\/de\/wp-json\/wp\/v2\/users\/7"}],"replies":[{"embeddable":true,"href":"https:\/\/cfcstuttgart.org\/de\/wp-json\/wp\/v2\/comments?post=29527"}],"version-history":[{"count":1,"href":"https:\/\/cfcstuttgart.org\/de\/wp-json\/wp\/v2\/posts\/29527\/revisions"}],"predecessor-version":[{"id":29528,"href":"https:\/\/cfcstuttgart.org\/de\/wp-json\/wp\/v2\/posts\/29527\/revisions\/29528"}],"wp:featuredmedia":[{"embeddable":true,"href":"https:\/\/cfcstuttgart.org\/de\/wp-json\/wp\/v2\/media\/29529"}],"wp:attachment":[{"href":"https:\/\/cfcstuttgart.org\/de\/wp-json\/wp\/v2\/media?parent=29527"}],"wp:term":[{"taxonomy":"category","embeddable":true,"href":"https:\/\/cfcstuttgart.org\/de\/wp-json\/wp\/v2\/categories?post=29527"},{"taxonomy":"post_tag","embeddable":true,"href":"https:\/\/cfcstuttgart.org\/de\/wp-json\/wp\/v2\/tags?post=29527"}],"curies":[{"name":"wp","href":"https:\/\/api.w.org\/{rel}","templated":true}]}}